{"id":187,"date":"2018-03-23T15:31:29","date_gmt":"2018-03-23T14:31:29","guid":{"rendered":"http:\/\/minhajsunnah.com\/es\/?p=187"},"modified":"2020-04-04T15:26:56","modified_gmt":"2020-04-04T14:26:56","slug":"laithi2","status":"publish","type":"post","link":"https:\/\/minhajsunnah.com\/es\/2018\/03\/23\/laithi2\/","title":{"rendered":"\u062f\u0648\u0631\u0629 \u0627\u0644\u0625\u0645\u0627\u0645 \u064a\u062d\u064a\u0649 \u0628\u0646 \u064a\u062d\u064a\u0649 \u0627\u0644\u0644\u064a\u062b\u064a \u0627\u0644\u062b\u0627\u0646\u064a\u0629 &#8211; Segunda edici\u00f3n del seminario del gran sabio Yahya Ibn Yahya Al-Laithi"},"content":{"rendered":"<p>Desde Masjid al Fath, Olot, Espa\u00f1a, nos complace anunciar la segunda edici\u00f3n del seminario del gran sabio Yahya Ibn Yahya Al-Laithi, el cu\u00e1l tendr\u00e1 lugar los d\u00edas <strong>12, 13 , 14, 15 de Rajab<\/strong> en el calendario lunar, y los d\u00edas <strong>29, 30, 31 de Marzo y 1 de Abril<\/strong> del calendario gregoriano.<\/p>\n<p>Con la presencia de nuestro ilustre sabio <strong>Hamed Ibn Khamis Al Junaibi<\/strong> que Allah le preserve.<\/p>\n<p><strong>El programa de la dawra:<\/strong><\/p>\n<p><strong>DEL JUEVES AL DOMINGO:<\/strong><\/p>\n<ul>\n<li>A las <strong>12:00<\/strong> del mediod\u00eda, exceptuando el viernes, el Sheikh explicar\u00e1 el libro: Al&#8217;Fark bain a&#8217;nasiha wa a&#8217;taiir (La diferencia entre el consejo y el desprecio).<\/li>\n<li>A las <strong>19:00<\/strong> (despu\u00e9s del Asr), Kitab A&#8217;siam min mukhtasar al&#8217;Bukhari li a&#8217;Zabidi (El libro del Ayuno del resumen del Bukhari de Zabidi).<\/li>\n<li>A las <strong>20:30<\/strong> (despu\u00e9s del maghreb),&nbsp;Kitab Al&#8217;Adab min mukhtasar al&#8217;Bukhari li a&#8217;Zabidi (El libro de los modales del resumen del Bukhari de Zabidi).<\/li>\n<\/ul>\n<p><em><strong>(La programaci\u00f3n es en hora espa\u00f1ola)<\/strong><\/em><\/p>\n<p>SE TRANSIMITIR\u00c1 EN DIRECTO A TRAV\u00c9S DE LA RADIO MINHAJ SUNNAH<\/p>\n","protected":false},"excerpt":{"rendered":"<div class=\"post-excerpt\">Desde Masjid al Fath, Olot, Espa\u00f1a, nos complace anunciar la segunda edici\u00f3n del seminario del gran sabio Yahya Ibn Yahya Al-Laithi, el cu\u00e1l tendr\u00e1 lugar los d\u00edas 12, 13 ,&hellip;<\/div>\n","protected":false},"author":1,"featured_media":188,"comment_status":"open","ping_status":"open","sticky":false,"template":"","format":"standard","meta":{"footnotes":""},"categories":[4],"tags":[],"class_list":["post-187","post","type-post","status-publish","format-standard","has-post-thumbnail","hentry","category-dawarat"],"views":2930,"_links":{"self":[{"href":"https:\/\/minhajsunnah.com\/es\/wp-json\/wp\/v2\/posts\/187","targetHints":{"allow":["GET"]}}],"collection":[{"href":"https:\/\/minhajsunnah.com\/es\/wp-json\/wp\/v2\/posts"}],"about":[{"href":"https:\/\/minhajsunnah.com\/es\/wp-json\/wp\/v2\/types\/post"}],"author":[{"embeddable":true,"href":"https:\/\/minhajsunnah.com\/es\/wp-json\/wp\/v2\/users\/1"}],"replies":[{"embeddable":true,"href":"https:\/\/minhajsunnah.com\/es\/wp-json\/wp\/v2\/comments?post=187"}],"version-history":[{"count":7,"href":"https:\/\/minhajsunnah.com\/es\/wp-json\/wp\/v2\/posts\/187\/revisions"}],"predecessor-version":[{"id":242,"href":"https:\/\/minhajsunnah.com\/es\/wp-json\/wp\/v2\/posts\/187\/revisions\/242"}],"wp:featuredmedia":[{"embeddable":true,"href":"https:\/\/minhajsunnah.com\/es\/wp-json\/wp\/v2\/media\/188"}],"wp:attachment":[{"href":"https:\/\/minhajsunnah.com\/es\/wp-json\/wp\/v2\/media?parent=187"}],"wp:term":[{"taxonomy":"category","embeddable":true,"href":"https:\/\/minhajsunnah.com\/es\/wp-json\/wp\/v2\/categories?post=187"},{"taxonomy":"post_tag","embeddable":true,"href":"https:\/\/minhajsunnah.com\/es\/wp-json\/wp\/v2\/tags?post=187"}],"curies":[{"name":"wp","href":"https:\/\/api.w.org\/{rel}","templated":true}]}}